{"id":60,"date":"2019-07-08T19:52:03","date_gmt":"2019-07-08T22:52:03","guid":{"rendered":"http:\/\/www12.goiania.go.gov.br\/smt\/?p=60"},"modified":"2019-07-26T17:01:01","modified_gmt":"2019-07-26T20:01:01","slug":"transito-na-av-goias-muda-durante-construcao-da-rede-de-aguas-pluviais","status":"publish","type":"post","link":"https:\/\/www.goiania.go.gov.br\/set\/2019\/07\/08\/transito-na-av-goias-muda-durante-construcao-da-rede-de-aguas-pluviais\/","title":{"rendered":"Tr\u00e2nsito na Av. Goi\u00e1s muda durante constru\u00e7\u00e3o da rede de \u00e1guas pluviais"},"content":{"rendered":"\n\n\n\n<p>A Prefeitura de Goi\u00e2nia, por meio da SMT, vai interditar a pista da Avenida Goi\u00e1s, sentido Norte\/Sul, entre as avenidas Independ\u00eancia e Parana\u00edba, a partir desta ter\u00e7a-feira, 9\/7, quando ser\u00e1 estabelecido um sistema de sinaliza\u00e7\u00e3o e novas alternativas de rotas e desvios. <\/p>\n\n\n\n<p>Na ocasi\u00e3o ser\u00e1 iniciada mais uma etapa da constru\u00e7\u00e3o da rede de drenagem que vai solucionar os problemas de enchentes e alagamentos nas adjac\u00eancias da Avenida, regi\u00e3o da Rua 44, Avenida Independ\u00eancia, Pra\u00e7a do Trabalhador, Pra\u00e7a do Bandeirante e Pra\u00e7a C\u00edvica. A via tamb\u00e9m ser\u00e1 requalificada e preparada para a opera\u00e7\u00e3o BRT. <\/p>\n\n\n\n<p>Os servi\u00e7os ser\u00e3o feitos em tr\u00eas etapas at\u00e9 chegar \u00e0 Pra\u00e7a C\u00edvica. Na primeira, as obras ser\u00e3o executadas entre a Avenida Independ\u00eancia e a Avenida Parana\u00edba; na segunda, da Avenida Parana\u00edba \u00e0 Avenida Anhanguera; e na terceira, da Avenida Anhanguera at\u00e9 a Pra\u00e7a C\u00edvica. Conclu\u00eddas as tr\u00eas etapas, as obras ser\u00e3o realizadas na outra pista.<\/p>\n\n\n\n<h2 class=\"wp-block-heading\">Mudan\u00e7as<\/h2>\n\n\n\n<p>No trecho da Avenida Goi\u00e1s entre a Avenida Independ\u00eancia e a Avenida Parana\u00edba (sentido Norte\/Sul) o tr\u00e2nsito ser\u00e1 desviado para as Ruas 70 (autom\u00f3veis) e Rua 68 (\u00f4nibus), sendo que ser\u00e1 proibido estacionar do lado direito das duas vias. Os sem\u00e1foros nos cruzamentos da Independ\u00eancia e da Parana\u00edba receber\u00e3o ajustes de tr\u00eas tempos e placas de orienta\u00e7\u00e3o sobre os desvios e proibi\u00e7\u00f5es ser\u00e3o instaladas.<\/p>\n\n\n\n<p>Para o secret\u00e1rio Fernando Santana, as mudan\u00e7as no tr\u00e2nsito s\u00e3o passageiras e est\u00e3o sendo planejadas com crit\u00e9rio pelo setor de engenharia da SMT, com o objetivo de garantir seguran\u00e7a e tranquilidade a todos os condutores. \u201cNo final, os benef\u00edcios definitivos v\u00e3o compensar os transtornos moment\u00e2neos\u201d, afirma o gestor esclarecendo que as obras de drenagem e a prepara\u00e7\u00e3o para o BRT s\u00e3o de extrema import\u00e2ncia para Goi\u00e2nia, pois visam acabar com alagamentos, al\u00e9m de melhorar o transporte coletivo proporcionando bem-estar para toda a popula\u00e7\u00e3o.<\/p>\n\n\n\n<h2 class=\"wp-block-heading\">Requalifica\u00e7\u00e3o<\/h2>\n\n\n\n<p>Durante as obras da rede de \u00e1guas pluviais, a Avenida Goi\u00e1s ser\u00e1 requalificada e preparada para a opera\u00e7\u00e3o do BRT, com a constru\u00e7\u00e3o das esta\u00e7\u00f5es de embarque e desembarque de passageiros, implanta\u00e7\u00e3o de pavimentos r\u00edgidos e flex\u00edveis e a completa revitaliza\u00e7\u00e3o da sinaliza\u00e7\u00e3o de tr\u00e2nsito \u2013 horizontal, vertical e semaf\u00f3rica, com sem\u00e1foros inteligentes. As cal\u00e7adas ser\u00e3o readequadas, conforme as normas de acessibilidade e arborizadas, com a troca das esp\u00e9cies que estiverem condenadas; uma ilumina\u00e7\u00e3o de LED ser\u00e1 adotada em toda a via.<\/p>\n\n\n\n<h2 class=\"wp-block-heading\">Rede de drenagem<\/h2>\n\n\n\n<p>A rede de drenagem completa tem 2,6km e vai da Pra\u00e7a C\u00edvica ao Setor Norte Ferrovi\u00e1rio; parte integrante do complexo do BRT, conta com or\u00e7amento na ordem de R$ 7,8 milh\u00f5es.<\/p>\n\n\n\n<p>Os trabalhos de constru\u00e7\u00e3o tiveram in\u00edcio em maio e, por ser o trecho mais complexo, come\u00e7aram pela Rua 4, no Setor Norte Ferrovi\u00e1rio, onde se dar\u00e1 o lan\u00e7amento no Capim Puba. De l\u00e1 passar\u00e1 pela Avenida Oeste, no Setor Marechal Rondon, seguir\u00e1 pela Rua 74 e subir\u00e1 a Avenida Goi\u00e1s, cruzar\u00e1 a Avenida Independ\u00eancia e chegar\u00e1 at\u00e9 \u00e0 Pra\u00e7a C\u00edvica.<\/p>\n\n\n\n<p>Teresa Costa,da Editoria de Tr\u00e2nsito e Mobilidade, com informa\u00e7\u00f5es de Nara Serra, da Seinfra<\/p>\n\n","protected":false},"excerpt":{"rendered":"","protected":false},"author":24,"featured_media":63,"comment_status":"open","ping_status":"open","sticky":true,"template":"","format":"standard","meta":{"_acf_changed":false,"custom_icon_class":"","footnotes":""},"categories":[1,5],"tags":[14,9,7,12,6],"class_list":["post-60","post","type-post","status-publish","format-standard","has-post-thumbnail","hentry","category-noticias","category-transito","tag-avenida-goias","tag-goiania","tag-mobilidade","tag-prefeitura-de-goiania","tag-transito"],"acf":[],"_links":{"self":[{"href":"https:\/\/www.goiania.go.gov.br\/set\/wp-json\/wp\/v2\/posts\/60","targetHints":{"allow":["GET"]}}],"collection":[{"href":"https:\/\/www.goiania.go.gov.br\/set\/wp-json\/wp\/v2\/posts"}],"about":[{"href":"https:\/\/www.goiania.go.gov.br\/set\/wp-json\/wp\/v2\/types\/post"}],"author":[{"embeddable":true,"href":"https:\/\/www.goiania.go.gov.br\/set\/wp-json\/wp\/v2\/users\/24"}],"replies":[{"embeddable":true,"href":"https:\/\/www.goiania.go.gov.br\/set\/wp-json\/wp\/v2\/comments?post=60"}],"version-history":[{"count":1,"href":"https:\/\/www.goiania.go.gov.br\/set\/wp-json\/wp\/v2\/posts\/60\/revisions"}],"predecessor-version":[{"id":62,"href":"https:\/\/www.goiania.go.gov.br\/set\/wp-json\/wp\/v2\/posts\/60\/revisions\/62"}],"wp:featuredmedia":[{"embeddable":true,"href":"https:\/\/www.goiania.go.gov.br\/set\/wp-json\/wp\/v2\/media\/63"}],"wp:attachment":[{"href":"https:\/\/www.goiania.go.gov.br\/set\/wp-json\/wp\/v2\/media?parent=60"}],"wp:term":[{"taxonomy":"category","embeddable":true,"href":"https:\/\/www.goiania.go.gov.br\/set\/wp-json\/wp\/v2\/categories?post=60"},{"taxonomy":"post_tag","embeddable":true,"href":"https:\/\/www.goiania.go.gov.br\/set\/wp-json\/wp\/v2\/tags?post=60"}],"curies":[{"name":"wp","href":"https:\/\/api.w.org\/{rel}","templated":true}]}}