{"id":57,"date":"2019-07-07T22:42:50","date_gmt":"2019-07-08T01:42:50","guid":{"rendered":"http:\/\/www12.goiania.go.gov.br\/smt\/?p=57"},"modified":"2019-07-26T16:48:54","modified_gmt":"2019-07-26T19:48:54","slug":"smt-informa-interdicao-na-avenida-goias-comecara-na-terca-feira","status":"publish","type":"post","link":"https:\/\/www.goiania.go.gov.br\/set\/2019\/07\/07\/smt-informa-interdicao-na-avenida-goias-comecara-na-terca-feira\/","title":{"rendered":"SMT informa: Interdi\u00e7\u00e3o na Avenida Goi\u00e1s come\u00e7ar\u00e1 na ter\u00e7a-feira"},"content":{"rendered":"\n\n\n\n<p>A Secretaria Municipal de Tr\u00e2nsito, Transportes e Mobilidade (SMT) esclarece que a interdi\u00e7\u00e3o da pista da Avenida Goi\u00e1s, sentido Norte\/Sul, entre as Avenidas Independ\u00eancia e Parana\u00edba, ocorrer\u00e1 a partir da ter\u00e7a-feira, 9\/7, e n\u00e3o mais nesta segunda-feira,8, como havia informado anteriormente.<\/p>\n\n\n\n<p>O secret\u00e1rio Fernando Santana esclarece que a SMT aguarda a conclus\u00e3o da implanta\u00e7\u00e3o das placas de sinaliza\u00e7\u00e3o, por parte da empreiteira, para realizadar a interdi\u00e7\u00e3o e estabelecer as rotas alternativas e os desvios do tr\u00e2nsito local.<\/p>\n\n\n\n<p>A pista ser\u00e1 fechada para mais uma etapa da constru\u00e7\u00e3o da rede de drenagem que vai solucionar os problemas de enchentes e alagamentos nas adjac\u00eancias da Avenida, regi\u00e3o da Rua 44, Avenida Independ\u00eancia, Pra\u00e7a do Trabalhador, Pra\u00e7a do Bandeirante e Pra\u00e7a C\u00edvica. A via tamb\u00e9m ser\u00e1 requalificada e preparada para a opera\u00e7\u00e3o BRT. <\/p>\n\n\n\n<h2 class=\"wp-block-heading\">Mudan\u00e7as<\/h2>\n\n\n\n<p>No trecho entre a Avenida Independ\u00eancia e a Avenida Parana\u00edba (sentido Norte\/Sul) o tr\u00e2nsito da Goi\u00e1s ser\u00e1 desviado para as Ruas 70 (autom\u00f3veis) e Rua 68 (\u00f4nibus), sendo que ser\u00e1 proibido estacionar do lado direito das duas vias. Os sem\u00e1foros nos cruzamentos da Independ\u00eancia e da Parana\u00edba receber\u00e3o ajustes de tr\u00eas tempos e placas de orienta\u00e7\u00e3o sobre os desvios e proibi\u00e7\u00f5es ser\u00e3o instaladas.<\/p>\n\n\n\n<p>Teresa Costa, da Editoria da Tr\u00e2nsito e Mobilidade<\/p>\n\n","protected":false},"excerpt":{"rendered":"","protected":false},"author":24,"featured_media":58,"comment_status":"open","ping_status":"open","sticky":true,"template":"","format":"standard","meta":{"_acf_changed":false,"custom_icon_class":"","footnotes":""},"categories":[1,5],"tags":[14,15,7,12,13,6],"class_list":["post-57","post","type-post","status-publish","format-standard","has-post-thumbnail","hentry","category-noticias","category-transito","tag-avenida-goias","tag-brt","tag-mobilidade","tag-prefeitura-de-goiania","tag-smt","tag-transito"],"acf":[],"_links":{"self":[{"href":"https:\/\/www.goiania.go.gov.br\/set\/wp-json\/wp\/v2\/posts\/57","targetHints":{"allow":["GET"]}}],"collection":[{"href":"https:\/\/www.goiania.go.gov.br\/set\/wp-json\/wp\/v2\/posts"}],"about":[{"href":"https:\/\/www.goiania.go.gov.br\/set\/wp-json\/wp\/v2\/types\/post"}],"author":[{"embeddable":true,"href":"https:\/\/www.goiania.go.gov.br\/set\/wp-json\/wp\/v2\/users\/24"}],"replies":[{"embeddable":true,"href":"https:\/\/www.goiania.go.gov.br\/set\/wp-json\/wp\/v2\/comments?post=57"}],"version-history":[{"count":1,"href":"https:\/\/www.goiania.go.gov.br\/set\/wp-json\/wp\/v2\/posts\/57\/revisions"}],"predecessor-version":[{"id":59,"href":"https:\/\/www.goiania.go.gov.br\/set\/wp-json\/wp\/v2\/posts\/57\/revisions\/59"}],"wp:featuredmedia":[{"embeddable":true,"href":"https:\/\/www.goiania.go.gov.br\/set\/wp-json\/wp\/v2\/media\/58"}],"wp:attachment":[{"href":"https:\/\/www.goiania.go.gov.br\/set\/wp-json\/wp\/v2\/media?parent=57"}],"wp:term":[{"taxonomy":"category","embeddable":true,"href":"https:\/\/www.goiania.go.gov.br\/set\/wp-json\/wp\/v2\/categories?post=57"},{"taxonomy":"post_tag","embeddable":true,"href":"https:\/\/www.goiania.go.gov.br\/set\/wp-json\/wp\/v2\/tags?post=57"}],"curies":[{"name":"wp","href":"https:\/\/api.w.org\/{rel}","templated":true}]}}